{"id":1252,"date":"2018-10-14T22:31:38","date_gmt":"2018-10-14T20:31:38","guid":{"rendered":"http:\/\/rueil-star.com\/site\/?p=1252"},"modified":"2018-10-15T22:39:07","modified_gmt":"2018-10-15T20:39:07","slug":"kyla-championne-olympique-jo-buenos-aires-double-mixte","status":"publish","type":"post","link":"https:\/\/rueil-star.com\/site\/index.php\/2018\/10\/14\/kyla-championne-olympique-jo-buenos-aires-double-mixte\/","title":{"rendered":"KYLA CHAMPIONNE OLYMPIQUE &#8211; JO DE LA JEUNESSE BUENOS AIRES &#8211; Double Mixte"},"content":{"rendered":"<p><img loading=\"lazy\" decoding=\"async\" class=\"alignnone size-full wp-image-1254\" src=\"https:\/\/rueil-star.com\/site\/wp-content\/uploads\/2018\/10\/2018_JO_BUENOS_AIRES_03.png\" alt=\"\" width=\"2560\" height=\"1600\" srcset=\"https:\/\/rueil-star.com\/site\/wp-content\/uploads\/2018\/10\/2018_JO_BUENOS_AIRES_03.png 2560w, https:\/\/rueil-star.com\/site\/wp-content\/uploads\/2018\/10\/2018_JO_BUENOS_AIRES_03-300x188.png 300w, https:\/\/rueil-star.com\/site\/wp-content\/uploads\/2018\/10\/2018_JO_BUENOS_AIRES_03-768x480.png 768w, https:\/\/rueil-star.com\/site\/wp-content\/uploads\/2018\/10\/2018_JO_BUENOS_AIRES_03-1024x640.png 1024w, https:\/\/rueil-star.com\/site\/wp-content\/uploads\/2018\/10\/2018_JO_BUENOS_AIRES_03-1200x750.png 1200w\" sizes=\"auto, (max-width: 709px) 85vw, (max-width: 909px) 67vw, (max-width: 1362px) 62vw, 840px\" \/><\/p>\n<p><span style=\"font-family: Tahoma, Arial, Helvetica, sans-serif;\"><span class=\"_5mfr\"><span class=\"_6qdm\">\ud83c\udf7e<\/span><\/span>\u00a0\u00c9norme titre de Championne Olympique de la Jeunesse pour\u00a0<a class=\"profileLink\" href=\"https:\/\/www.facebook.com\/KTH.Archery\/?__tn__=K-R&amp;eid=ARASRS7G6ap6w9fcCMkcwaGTzvM-m9hYAb5ugiQogTgYADuhL9hHxY0dXS2xxYf1uyG8HT-mqGUR3DBg&amp;fref=mentions&amp;__xts__%5B0%5D=68.ARAU1_UNw719FWyDfLp11ZLMl1LW8xirXrboFvY3uywboXFWpsfZAxFY0V7l4foApVmT3TiZAxFnN1XWvcrYWZAYfwXMlQHlQf-BqVBmP4Hm_KZuiDaSS49BWsJgAth5uO-X9PbPSsoBxrPWAWP1--J0E6gK8AjVyr2rQsWZGCOtRNMJTY1c\" data-hovercard=\"\/ajax\/hovercard\/page.php?id=151052105487382&amp;extragetparams=%7B%22__tn__%22%3A%22%2CdK-R-R%22%2C%22eid%22%3A%22ARASRS7G6ap6w9fcCMkcwaGTzvM-m9hYAb5ugiQogTgYADuhL9hHxY0dXS2xxYf1uyG8HT-mqGUR3DBg%22%2C%22fref%22%3A%22mentions%22%7D\" data-hovercard-prefer-more-content-show=\"1\">Kyla<\/a>\u00a0par \u00e9quipe mixte avec son co\u00e9quipier espagnol Jose Solera !\u00a0<span class=\"_5mfr\"><span class=\"_6qdm\">\ud83c\udff9<\/span><\/span><span class=\"_5mfr\"><span class=\"_6qdm\">\ud83e\udd47\u00a0<\/span><\/span><\/span><\/p>\n<p><span style=\"font-family: Tahoma, Arial, Helvetica, sans-serif;\">Revivez ce match historique en replay sur <a href=\"https:\/\/www.olympicchannel.com\/en\/youth-olympic-games-2018\/mixed-teams-finals-archery-buenos-aires-2018-yog\/\">Olympic Channel (lien)<\/a>. (commence \u00e0 2:14:10, on vous mettra un meilleur replay d\u00e8s qu&rsquo;il sera disponible).<\/span><\/p>\n<p><span style=\"font-family: Tahoma, Arial, Helvetica, sans-serif;\">\u00c0 suivre pour Kyla : les 16\u00e8me de finale en individuel lundi 15h00 !\u00a0\ud83e\udd1e\ud83c\udffb<\/span><\/p>\n<p><span style=\"font-family: Tahoma, Arial, Helvetica, sans-serif;\"><span class=\"_5mfr _47e3\"><img loading=\"lazy\" decoding=\"async\" class=\"img\" role=\"presentation\" src=\"https:\/\/static.xx.fbcdn.net\/images\/emoji.php\/v9\/f7d\/2\/16\/1f4f8.png\" alt=\"\" width=\"16\" height=\"16\" \/><\/span>\u00a0: France TV Sport &amp; Olympic Channel<\/span><\/p>\n<p><img decoding=\"async\" class=\"alignnone size-full wp-image-1257\" src=\"https:\/\/rueil-star.com\/site\/wp-content\/uploads\/2018\/10\/2018_JO_BUENOS_AIRES_05.gif\" alt=\"\" width=\"100%\" height=\"auto\" \/><\/p>\n<p><img loading=\"lazy\" decoding=\"async\" class=\"alignnone size-full wp-image-1253\" src=\"https:\/\/rueil-star.com\/site\/wp-content\/uploads\/2018\/10\/2018_JO_BUENOS_AIRES_02.jpg\" alt=\"\" width=\"2048\" height=\"1280\" srcset=\"https:\/\/rueil-star.com\/site\/wp-content\/uploads\/2018\/10\/2018_JO_BUENOS_AIRES_02.jpg 2048w, https:\/\/rueil-star.com\/site\/wp-content\/uploads\/2018\/10\/2018_JO_BUENOS_AIRES_02-300x188.jpg 300w, https:\/\/rueil-star.com\/site\/wp-content\/uploads\/2018\/10\/2018_JO_BUENOS_AIRES_02-768x480.jpg 768w, https:\/\/rueil-star.com\/site\/wp-content\/uploads\/2018\/10\/2018_JO_BUENOS_AIRES_02-1024x640.jpg 1024w, https:\/\/rueil-star.com\/site\/wp-content\/uploads\/2018\/10\/2018_JO_BUENOS_AIRES_02-1200x750.jpg 1200w\" sizes=\"auto, (max-width: 709px) 85vw, (max-width: 909px) 67vw, (max-width: 1362px) 62vw, 840px\" \/><\/p>\n","protected":false},"excerpt":{"rendered":"<p>\ud83c\udf7e\u00a0\u00c9norme titre de Championne Olympique de la Jeunesse pour\u00a0Kyla\u00a0par \u00e9quipe mixte avec son co\u00e9quipier espagnol Jose Solera !\u00a0\ud83c\udff9\ud83e\udd47\u00a0 Revivez ce match historique en replay sur Olympic Channel (lien). (commence \u00e0 2:14:10, on vous mettra un meilleur replay d\u00e8s qu&rsquo;il sera disponible). \u00c0 suivre pour Kyla : les 16\u00e8me de finale en individuel lundi 15h00 !\u00a0\ud83e\udd1e\ud83c\udffb &hellip; <a href=\"https:\/\/rueil-star.com\/site\/index.php\/2018\/10\/14\/kyla-championne-olympique-jo-buenos-aires-double-mixte\/\" class=\"more-link\">Continuer la lecture<span class=\"screen-reader-text\"> de &laquo;&nbsp;KYLA CHAMPIONNE OLYMPIQUE &#8211; JO DE LA JEUNESSE BUENOS AIRES &#8211; Double Mixte&nbsp;&raquo;<\/span><\/a><\/p>\n","protected":false},"author":89,"featured_media":0,"comment_status":"open","ping_status":"open","sticky":false,"template":"","format":"gallery","meta":{"footnotes":""},"categories":[7],"tags":[],"class_list":["post-1252","post","type-post","status-publish","format-gallery","hentry","category-competitions","post_format-post-format-gallery"],"_links":{"self":[{"href":"https:\/\/rueil-star.com\/site\/index.php\/wp-json\/wp\/v2\/posts\/1252","targetHints":{"allow":["GET"]}}],"collection":[{"href":"https:\/\/rueil-star.com\/site\/index.php\/wp-json\/wp\/v2\/posts"}],"about":[{"href":"https:\/\/rueil-star.com\/site\/index.php\/wp-json\/wp\/v2\/types\/post"}],"author":[{"embeddable":true,"href":"https:\/\/rueil-star.com\/site\/index.php\/wp-json\/wp\/v2\/users\/89"}],"replies":[{"embeddable":true,"href":"https:\/\/rueil-star.com\/site\/index.php\/wp-json\/wp\/v2\/comments?post=1252"}],"version-history":[{"count":4,"href":"https:\/\/rueil-star.com\/site\/index.php\/wp-json\/wp\/v2\/posts\/1252\/revisions"}],"predecessor-version":[{"id":1264,"href":"https:\/\/rueil-star.com\/site\/index.php\/wp-json\/wp\/v2\/posts\/1252\/revisions\/1264"}],"wp:attachment":[{"href":"https:\/\/rueil-star.com\/site\/index.php\/wp-json\/wp\/v2\/media?parent=1252"}],"wp:term":[{"taxonomy":"category","embeddable":true,"href":"https:\/\/rueil-star.com\/site\/index.php\/wp-json\/wp\/v2\/categories?post=1252"},{"taxonomy":"post_tag","embeddable":true,"href":"https:\/\/rueil-star.com\/site\/index.php\/wp-json\/wp\/v2\/tags?post=1252"}],"curies":[{"name":"wp","href":"https:\/\/api.w.org\/{rel}","templated":true}]}}