{"id":2747,"date":"2026-04-27T13:49:52","date_gmt":"2026-04-27T11:49:52","guid":{"rendered":"https:\/\/rueil-star.com\/site\/?p=2747"},"modified":"2026-04-27T13:49:52","modified_gmt":"2026-04-27T11:49:52","slug":"european-grand-prix-2026","status":"publish","type":"post","link":"https:\/\/rueil-star.com\/site\/index.php\/2026\/04\/27\/european-grand-prix-2026\/","title":{"rendered":"European Grand Prix 2026"},"content":{"rendered":"\n<p>Deux archers de la STAR participaient au European Grand Prix \u00e0 Antalya (Turquie) qui s&rsquo;est d\u00e9roul\u00e9 du 21 au 26 avril 2026. <\/p>\n\n\n\n<p>Pour sa premi\u00e8re en arc \u00e0 poulies avec l&rsquo;Equipe de France, Kyla TOURAINE-HELIAS a r\u00e9alis\u00e9 une excellente qualification qui lui a permis d&rsquo;\u00eatre retenue sur tous les \u00e9preuves de la semaine, avec une m\u00e9daille de bronze pour l&rsquo;\u00e9preuve par \u00e9quipes f\u00e9minines !<\/p>\n\n\n\n<p>En arc classique homme, Etienne BALDI repr\u00e9sentait quant \u00e0 lui l&rsquo;Equipe de Suisse.<\/p>\n\n\n\n<h2 class=\"wp-block-heading\">Arc \u00e0 poulies femme<\/h2>\n\n\n\n<h3 class=\"wp-block-heading\">Qualifications<\/h3>\n\n\n\n<p>Avec 687 points, Kyla TOURAINE-HELIAS prend la 8\u00e8me position des qualifications, avec deux s\u00e9ries respectivement \u00e0 342 et 345 points.<br>Elle se place comme la meilleure des quatres Fran\u00e7aises en lice. \u2705<\/p>\n\n\n\n<p>Le <a href=\"https:\/\/www.ianseo.net\/TourData\/2026\/27716\/IQCW.php\" data-type=\"link\" data-id=\"https:\/\/www.ianseo.net\/TourData\/2026\/27716\/IQCW.php\">classement des qualifications<\/a> et les <a href=\"https:\/\/www.ianseo.net\/TourData\/2026\/27716\/RRscorecards.pdf?time=2026-04-22+15%3A15%3A29\" data-type=\"link\" data-id=\"https:\/\/www.ianseo.net\/TourData\/2026\/27716\/RRscorecards.pdf?time=2026-04-22+15%3A15%3A29\">feuilles de scores<\/a> sont consultables sur Ianseo.<\/p>\n\n\n\n<figure class=\"wp-block-image size-large\"><img loading=\"lazy\" decoding=\"async\" width=\"1024\" height=\"683\" src=\"https:\/\/rueil-star.com\/site\/wp-content\/uploads\/2026\/04\/image-4-1024x683.png\" alt=\"\" class=\"wp-image-2768\" srcset=\"https:\/\/rueil-star.com\/site\/wp-content\/uploads\/2026\/04\/image-4-1024x683.png 1024w, https:\/\/rueil-star.com\/site\/wp-content\/uploads\/2026\/04\/image-4-300x200.png 300w, https:\/\/rueil-star.com\/site\/wp-content\/uploads\/2026\/04\/image-4-768x512.png 768w, https:\/\/rueil-star.com\/site\/wp-content\/uploads\/2026\/04\/image-4-1536x1024.png 1536w, https:\/\/rueil-star.com\/site\/wp-content\/uploads\/2026\/04\/image-4-2048x1365.png 2048w, https:\/\/rueil-star.com\/site\/wp-content\/uploads\/2026\/04\/image-4-1200x800.png 1200w\" sizes=\"auto, (max-width: 709px) 85vw, (max-width: 909px) 67vw, (max-width: 1362px) 62vw, 840px\" \/><\/figure>\n\n\n\n<p class=\"has-small-font-size\">Kyla TOURAINE-HELIAS (Cr\u00e9dits : Saygin Akinci)<\/p>\n\n\n\n<h3 class=\"wp-block-heading\">Equipe f\u00e9minine<\/h3>\n\n\n\n<p>L&rsquo;\u00e9quipe compos\u00e9e de Kyla TOURAINE-HELIAS, Ambre PUISEUX et Alyssia CHAMBRAUD se classe 4\u00e8me sur 5 \u00e0 l&rsquo;issue des qualifications individuelles avec 2053 points.<\/p>\n\n\n\n<p>Elle doit jouer un match contre l&rsquo;\u00e9quipe qui a termin\u00e9 derni\u00e8re, pendant que les trois premi\u00e8res \u00e9quipes sont en Bye jusqu&rsquo;\u00e0 la demi-finale.<\/p>\n\n\n\n<p>En 1\/4 de finale, la France gagne contre l&rsquo;Islande 222-211. \u2705<br>En 1\/2 finale, elle s&rsquo;incline contre la Turquie, 1\u00e8re des qualifications, 227-230. \u274c<br>Lors du match pour la m\u00e9daille de bronze, la France s&rsquo;impose contre l&rsquo;Allemagne 227-223 \u2705 \ud83e\udd49<\/p>\n\n\n\n<p>Le d\u00e9tail du tableau final par \u00e9quipes est <a href=\"https:\/\/www.ianseo.net\/TourData\/2026\/27716\/TBCW.php\" data-type=\"link\" data-id=\"https:\/\/www.ianseo.net\/TourData\/2026\/27716\/TBCW.php\">disponible sur Ianseo.<\/a><\/p>\n\n\n\n<figure class=\"wp-block-image size-large\"><img loading=\"lazy\" decoding=\"async\" width=\"1024\" height=\"683\" src=\"https:\/\/rueil-star.com\/site\/wp-content\/uploads\/2026\/04\/SYG7819-1024x683.jpg\" alt=\"\" class=\"wp-image-2763\" srcset=\"https:\/\/rueil-star.com\/site\/wp-content\/uploads\/2026\/04\/SYG7819-1024x683.jpg 1024w, https:\/\/rueil-star.com\/site\/wp-content\/uploads\/2026\/04\/SYG7819-300x200.jpg 300w, https:\/\/rueil-star.com\/site\/wp-content\/uploads\/2026\/04\/SYG7819-768x512.jpg 768w, https:\/\/rueil-star.com\/site\/wp-content\/uploads\/2026\/04\/SYG7819-1536x1024.jpg 1536w, https:\/\/rueil-star.com\/site\/wp-content\/uploads\/2026\/04\/SYG7819-2048x1365.jpg 2048w, https:\/\/rueil-star.com\/site\/wp-content\/uploads\/2026\/04\/SYG7819-1200x800.jpg 1200w\" sizes=\"auto, (max-width: 709px) 85vw, (max-width: 909px) 67vw, (max-width: 1362px) 62vw, 840px\" \/><\/figure>\n\n\n\n<p class=\"has-small-font-size\">Le podium Poulies par \u00e9quipe f\u00e9minines, de gauche \u00e0 droite : Italie, Turquie et France (Cr\u00e9dits : Saygin Akinci)<\/p>\n\n\n\n<figure class=\"wp-block-image size-large\"><img loading=\"lazy\" decoding=\"async\" width=\"1024\" height=\"683\" src=\"https:\/\/rueil-star.com\/site\/wp-content\/uploads\/2026\/04\/image-3-1024x683.png\" alt=\"\" class=\"wp-image-2764\" srcset=\"https:\/\/rueil-star.com\/site\/wp-content\/uploads\/2026\/04\/image-3-1024x683.png 1024w, https:\/\/rueil-star.com\/site\/wp-content\/uploads\/2026\/04\/image-3-300x200.png 300w, https:\/\/rueil-star.com\/site\/wp-content\/uploads\/2026\/04\/image-3-768x512.png 768w, https:\/\/rueil-star.com\/site\/wp-content\/uploads\/2026\/04\/image-3-1536x1024.png 1536w, https:\/\/rueil-star.com\/site\/wp-content\/uploads\/2026\/04\/image-3-2048x1365.png 2048w, https:\/\/rueil-star.com\/site\/wp-content\/uploads\/2026\/04\/image-3-1200x800.png 1200w\" sizes=\"auto, (max-width: 709px) 85vw, (max-width: 909px) 67vw, (max-width: 1362px) 62vw, 840px\" \/><\/figure>\n\n\n\n<p class=\"has-small-font-size\">Kyla TOURAINE-HELIAS (Cr\u00e9dits : Saygin Akinci)<\/p>\n\n\n\n<h3 class=\"wp-block-heading\">Individuel<\/h3>\n\n\n\n<p>Pas de cut, Kyla TOURAINE-HELIAS est en Bye jusqu&rsquo;aux 1\/16\u00e8me de finale pendant que les 6 derni\u00e8res des qualifications s&rsquo;affrontent.<\/p>\n\n\n\n<p>En 1\/16\u00e8me de finale, elle gagne contre Bufi Nur GOMEZ (Espagne) 144-143. \u2705<br>En 1\/8\u00e8me de finale, elle gagne contre Franziska GOEPPEL (Allemagne) 143-141. \u2705<br>En 1\/4 de finale, elle s&rsquo;incline face \u00e0 Haral BURUN (Turquie) 143-147. \u274c<\/p>\n\n\n\n<p>Le tableau final individuel est <a href=\"https:\/\/www.ianseo.net\/TourData\/2026\/27716\/IBCW.php\" data-type=\"link\" data-id=\"https:\/\/www.ianseo.net\/TourData\/2026\/27716\/IBCW.php\">disponible sur Ianseo<\/a>.<\/p>\n\n\n\n<h3 class=\"wp-block-heading\">Equipe mixte<\/h3>\n\n\n\n<p>L&rsquo;\u00e9quipe mixte form\u00e9e de Kyla TOURAINE-HELIAS et Victor BOULEAU, est class\u00e9e 6\u00e8me \u00e0 l&rsquo;issue des qualifications avec 1386 points.<\/p>\n\n\n\n<p>Face \u00e0 la R\u00e9publique Tch\u00e8que en 1\/8\u00e8me de finale, Kyla et Victor s&rsquo;inclinent 149-152. \u274c<\/p>\n\n\n\n<h2 class=\"wp-block-heading\">Arc classique homme<\/h2>\n\n\n\n<h3 class=\"wp-block-heading\">Qualifications<\/h3>\n\n\n\n<p>Etienne BALDI r\u00e9alise un score de 626 points en qualifications (313 &#8211; 313), qui le place en 65\u00e8me position. Pas de cut dans la comp\u00e9tition, mais les 16 premiers sont en Bye, tandis que le reste du classement doit s&rsquo;affronter sur 2 tours suppl\u00e9mentaires (1\/48\u00e8me et 1\/24\u00e8me).<\/p>\n\n\n\n<figure class=\"wp-block-image\"><img decoding=\"async\" src=\"https:\/\/photos.smugmug.com\/TOF-2026\/2026-European-Grand-Prix-1st-Leg-WRE\/Day-2\/i-PBfmtwP\/0\/NJ4wBTmRbzGW8c6Kf3NbzZ8qF7Qm4Zs8V5vsCWbKh\/4K\/_SYG6548-4K.jpg\" alt=\"_SYG6548.jpg\"\/><\/figure>\n\n\n\n<p class=\"has-small-font-size\">Etienne BALDI (Cr\u00e9dits : Saygin Akinci)<\/p>\n\n\n\n<h3 class=\"wp-block-heading\">Equipe homme<\/h3>\n\n\n\n<p>L&rsquo;\u00e9quipe suisse compos\u00e9e d&rsquo;Etienne BALDI, Keziah CHABIN et F\u00e9lix M\u00d6CKLI est class\u00e9e 9\u00e8me \u00e0 lissue des qualifications individuelles.<\/p>\n\n\n\n<p>Elle s&rsquo;incline d\u00e8s les 1\/8\u00e8me de finale 2-6 contre le Danemark. \u274c<\/p>\n\n\n\n<h3 class=\"wp-block-heading\">Individuel<\/h3>\n\n\n\n<p>Lors du match en 1\/48\u00e8me de finale, Etienne s&rsquo;incline 2-6 face \u00e0 Christian Brendstrup CHRISTENSEN (Danemark). \u274c<\/p>\n\n\n\n<figure class=\"wp-block-gallery has-nested-images columns-default is-cropped wp-block-gallery-1 is-layout-flex wp-block-gallery-is-layout-flex\"><\/figure>\n","protected":false},"excerpt":{"rendered":"<p>Deux archers de la STAR participaient au European Grand Prix \u00e0 Antalya (Turquie) qui s&rsquo;est d\u00e9roul\u00e9 du 21 au 26 avril 2026. Pour sa premi\u00e8re en arc \u00e0 poulies avec l&rsquo;Equipe de France, Kyla TOURAINE-HELIAS a r\u00e9alis\u00e9 une excellente qualification qui lui a permis d&rsquo;\u00eatre retenue sur tous les \u00e9preuves de la semaine, avec une &hellip; <a href=\"https:\/\/rueil-star.com\/site\/index.php\/2026\/04\/27\/european-grand-prix-2026\/\" class=\"more-link\">Continuer la lecture<span class=\"screen-reader-text\"> de &laquo;&nbsp;European Grand Prix 2026&nbsp;&raquo;<\/span><\/a><\/p>\n","protected":false},"author":3833,"featured_media":0,"comment_status":"open","ping_status":"open","sticky":false,"template":"","format":"gallery","meta":{"footnotes":""},"categories":[7],"tags":[],"class_list":["post-2747","post","type-post","status-publish","format-gallery","hentry","category-competitions","post_format-post-format-gallery"],"_links":{"self":[{"href":"https:\/\/rueil-star.com\/site\/index.php\/wp-json\/wp\/v2\/posts\/2747","targetHints":{"allow":["GET"]}}],"collection":[{"href":"https:\/\/rueil-star.com\/site\/index.php\/wp-json\/wp\/v2\/posts"}],"about":[{"href":"https:\/\/rueil-star.com\/site\/index.php\/wp-json\/wp\/v2\/types\/post"}],"author":[{"embeddable":true,"href":"https:\/\/rueil-star.com\/site\/index.php\/wp-json\/wp\/v2\/users\/3833"}],"replies":[{"embeddable":true,"href":"https:\/\/rueil-star.com\/site\/index.php\/wp-json\/wp\/v2\/comments?post=2747"}],"version-history":[{"count":5,"href":"https:\/\/rueil-star.com\/site\/index.php\/wp-json\/wp\/v2\/posts\/2747\/revisions"}],"predecessor-version":[{"id":2770,"href":"https:\/\/rueil-star.com\/site\/index.php\/wp-json\/wp\/v2\/posts\/2747\/revisions\/2770"}],"wp:attachment":[{"href":"https:\/\/rueil-star.com\/site\/index.php\/wp-json\/wp\/v2\/media?parent=2747"}],"wp:term":[{"taxonomy":"category","embeddable":true,"href":"https:\/\/rueil-star.com\/site\/index.php\/wp-json\/wp\/v2\/categories?post=2747"},{"taxonomy":"post_tag","embeddable":true,"href":"https:\/\/rueil-star.com\/site\/index.php\/wp-json\/wp\/v2\/tags?post=2747"}],"curies":[{"name":"wp","href":"https:\/\/api.w.org\/{rel}","templated":true}]}}